{"id":4930,"date":"2026-03-08T10:20:23","date_gmt":"2026-03-08T09:20:23","guid":{"rendered":"https:\/\/parroquiadealpedrete.archimadrid.es\/?p=4930"},"modified":"2026-03-08T10:20:23","modified_gmt":"2026-03-08T09:20:23","slug":"como-se-prepara-madrid-para-la-visita-del-papa","status":"publish","type":"post","link":"https:\/\/parroquiadealpedrete.archimadrid.es\/?p=4930","title":{"rendered":"Como se prepara Madrid para la visita del Papa"},"content":{"rendered":"<p><a href=\"https:\/\/parroquiadealpedrete.archimadrid.es\/wp-content\/uploads\/2026\/03\/Madrid-se-prepara-para-la-visita-Papal.jpeg\"><img loading=\"lazy\" decoding=\"async\" class=\"aligncenter size-large wp-image-4931\" src=\"https:\/\/parroquiadealpedrete.archimadrid.es\/wp-content\/uploads\/2026\/03\/Madrid-se-prepara-para-la-visita-Papal-1024x681.jpeg\" alt=\"\" width=\"950\" height=\"632\" srcset=\"https:\/\/parroquiadealpedrete.archimadrid.es\/wp-content\/uploads\/2026\/03\/Madrid-se-prepara-para-la-visita-Papal-1024x681.jpeg 1024w, https:\/\/parroquiadealpedrete.archimadrid.es\/wp-content\/uploads\/2026\/03\/Madrid-se-prepara-para-la-visita-Papal-300x200.jpeg 300w, https:\/\/parroquiadealpedrete.archimadrid.es\/wp-content\/uploads\/2026\/03\/Madrid-se-prepara-para-la-visita-Papal.jpeg 1600w\" sizes=\"auto, (max-width: 950px) 100vw, 950px\" \/><\/a><\/p>\n<p>\u00a0<\/p>\n\n<p>\u00a0<\/p>\n<p><img loading=\"lazy\" decoding=\"async\" class=\"aligncenter wp-image-4931\" src=\"https:\/\/parroquiadealpedrete.archimadrid.es\/wp-content\/uploads\/2026\/03\/Madrid-se-prepara-para-la-visita-Papal-1024x681.jpeg\" alt=\"\" width=\"602\" height=\"400\" srcset=\"https:\/\/parroquiadealpedrete.archimadrid.es\/wp-content\/uploads\/2026\/03\/Madrid-se-prepara-para-la-visita-Papal-1024x681.jpeg 1024w, https:\/\/parroquiadealpedrete.archimadrid.es\/wp-content\/uploads\/2026\/03\/Madrid-se-prepara-para-la-visita-Papal-300x200.jpeg 300w, https:\/\/parroquiadealpedrete.archimadrid.es\/wp-content\/uploads\/2026\/03\/Madrid-se-prepara-para-la-visita-Papal.jpeg 1600w\" sizes=\"auto, (max-width: 602px) 100vw, 602px\" \/><\/p>\n<p style=\"text-align: justify;\"><b>\u00bfAlguna vez te has preguntado c\u00f3mo se prepara una ciudad para recibir la visita del Santo Padre?\u00a0<\/b><\/p>\n<p style=\"text-align: justify;\"><span style=\"font-weight: 400;\">Madrid se prepara de nuevo para recibir al Papa, as\u00ed como lo hizo con la llegada de Benedicto XVI con motivo de la JMJ 2011, con la diferencia de que en esta ocasi\u00f3n la confirmaci\u00f3n del viaje de su Santidad Le\u00f3n XIV, ha sido tard\u00eda e inesperada, lo que obliga a Madrid a trabajar a toda velocidad.\u00a0\u00a0<\/span><\/p>\n<p style=\"text-align: justify;\"><span style=\"font-weight: 400;\">La preparaci\u00f3n de una visita Papal supone un desaf\u00edo grande y delicado, que requiere una planificaci\u00f3n minuciosa, una buena coordinaci\u00f3n y el trabajo conjunto de muchas personas y diferentes \u00e1mbitos de la Iglesia.\u00a0\u00a0<\/span><\/p>\n<p style=\"text-align: justify;\"><span style=\"font-weight: 400;\">Nuestro cardenal, D. Jos\u00e9 Cobo, ha creado la Comisi\u00f3n Diocesana, que, en colaboraci\u00f3n con el equipo ejecutivo, ya est\u00e1 trabajando en las diferentes \u00e1reas pastorales y organizativas.\u00a0\u00a0<\/span><\/p>\n<p style=\"text-align: justify;\"><span style=\"font-weight: 400;\">La visita del\u202fPont\u00edfice no s\u00f3lo ha conmocionado a la ciudad de Madrid<\/span><i><span style=\"font-weight: 400;\">, <\/span><\/i><span style=\"font-weight: 400;\">ya que<\/span> <span style=\"font-weight: 400;\">se prev\u00e9 que miles de personas viajen desde otras provincias de Espa\u00f1a para celebrar la llegada del sucesor de San Pedro despu\u00e9s de 15 a\u00f1os.\u00a0<\/span><\/p>\n<p style=\"text-align: justify;\"><span style=\"font-weight: 400;\">Esto supondr\u00e1 un desaf\u00edo en materia de organizaci\u00f3n, desplazamientos y seguridad. Se tendr\u00e1n que contemplar soluciones en lo referido al transporte, eventos multitudinarios y alojamientos para los viajantes.\u00a0\u00a0<\/span><\/p>\n<p style=\"text-align: justify;\"><span style=\"font-weight: 400;\">Por eso, se suman a la preparaci\u00f3n desde el Ayuntamiento de Madrid hasta los cuerpos de seguridad y vigilancia, que ya est\u00e1n participando de manera activa junto a la archidi\u00f3cesis y la Conferencia Episcopal.\u00a0<\/span><\/p>\n<p style=\"text-align: justify;\"><span style=\"font-weight: 400;\">Desde la Casa Real\u202fse espera que se realice alg\u00fan acto en el que sus majestades reciban a Le\u00f3n XIV como invitado de honor, oficialmente no se ha confirmado por el momento. Sin embargo, est\u00e1n facilitando espacios para el uso en los actos del Obispo de Roma.\u00a0<\/span><\/p>\n<p style=\"text-align: justify;\"><span style=\"font-weight: 400;\">M\u00e1s all\u00e1 de la organizaci\u00f3n, la Iglesia nos anima a prestar especial atenci\u00f3n a la preparaci\u00f3n espiritual. Desde las parroquias, colegios, movimientos y comunidades, se nos invita a todos los fieles a vivir este tiempo desde la oraci\u00f3n y con el coraz\u00f3n abierto, con la esperanza de que la visita del Santo Padre genere frutos de fe, unidad y un nuevo dinamismo evangelizador.\u00a0<\/span><\/p>\n<p style=\"text-align: justify;\"><b>Querido Le\u00f3n XIV: \u00a1Te esperamos con mucha sed de Dios!<\/b><\/p>\n\n\n<p class=\" eplus-wrapper\"><\/p>\n","protected":false},"excerpt":{"rendered":"<p>\u00a0 \u00a0 \u00bfAlguna vez te has preguntado c\u00f3mo se prepara una ciudad para recibir la visita del Santo Padre?\u00a0 Madrid se prepara de nuevo para recibir al Papa, as\u00ed como lo hizo con la llegada de Benedicto XVI con motivo de la JMJ 2011, con la diferencia de que en esta ocasi\u00f3n la confirmaci\u00f3n del &hellip; <\/p>\n<p class=\"link-more\"><a href=\"https:\/\/parroquiadealpedrete.archimadrid.es\/?p=4930\" class=\"more-link\">Leer m\u00e1s<span class=\"screen-reader-text\"> \u00abComo se prepara Madrid para la visita del Papa\u00bb<\/span><\/a><\/p>\n","protected":false},"author":1,"featured_media":4931,"comment_status":"closed","ping_status":"closed","sticky":false,"template":"","format":"standard","meta":{"editor_plus_copied_stylings":"{}","footnotes":""},"categories":[2],"tags":[],"class_list":["post-4930","post","type-post","status-publish","format-standard","has-post-thumbnail","hentry","category-noticias-de-la-parroquia-de-alpedrete"],"yoast_head":"<!-- This site is optimized with the Yoast SEO plugin v26.3 - https:\/\/yoast.com\/wordpress\/plugins\/seo\/ -->\n<title>Como se prepara Madrid para la visita del Papa - ASUNCI\u00d3N DE NUESTRA SE\u00d1ORA ALPEDRETE<\/title>\n<meta name=\"robots\" content=\"index, follow, max-snippet:-1, max-image-preview:large, max-video-preview:-1\" \/>\n<link rel=\"canonical\" href=\"https:\/\/parroquiadealpedrete.archimadrid.es\/?p=4930\" \/>\n<meta property=\"og:locale\" content=\"es_ES\" \/>\n<meta property=\"og:type\" content=\"article\" \/>\n<meta property=\"og:title\" content=\"Como se prepara Madrid para la visita del Papa - ASUNCI\u00d3N DE NUESTRA SE\u00d1ORA ALPEDRETE\" \/>\n<meta property=\"og:description\" content=\"\u00a0 \u00a0 \u00bfAlguna vez te has preguntado c\u00f3mo se prepara una ciudad para recibir la visita del Santo Padre?\u00a0 Madrid se prepara de nuevo para recibir al Papa, as\u00ed como lo hizo con la llegada de Benedicto XVI con motivo de la JMJ 2011, con la diferencia de que en esta ocasi\u00f3n la confirmaci\u00f3n del &hellip; Leer m\u00e1s \u00abComo se prepara Madrid para la visita del Papa\u00bb\" \/>\n<meta property=\"og:url\" content=\"https:\/\/parroquiadealpedrete.archimadrid.es\/?p=4930\" \/>\n<meta property=\"og:site_name\" content=\"ASUNCI\u00d3N DE NUESTRA SE\u00d1ORA ALPEDRETE\" \/>\n<meta property=\"article:published_time\" content=\"2026-03-08T09:20:23+00:00\" \/>\n<meta property=\"og:image\" content=\"https:\/\/parroquiadealpedrete.archimadrid.es\/wp-content\/uploads\/2026\/03\/Madrid-se-prepara-para-la-visita-Papal-1-e1772961602515.jpeg\" \/>\n\t<meta property=\"og:image:width\" content=\"400\" \/>\n\t<meta property=\"og:image:height\" content=\"266\" \/>\n\t<meta property=\"og:image:type\" content=\"image\/jpeg\" \/>\n<meta name=\"author\" content=\"Equipo parroquia\" \/>\n<meta name=\"twitter:card\" content=\"summary_large_image\" \/>\n<meta name=\"twitter:label1\" content=\"Escrito por\" \/>\n\t<meta name=\"twitter:data1\" content=\"Equipo parroquia\" \/>\n\t<meta name=\"twitter:label2\" content=\"Tiempo de lectura\" \/>\n\t<meta name=\"twitter:data2\" content=\"3 minutos\" \/>\n<script type=\"application\/ld+json\" class=\"yoast-schema-graph\">{\"@context\":\"https:\/\/schema.org\",\"@graph\":[{\"@type\":\"Article\",\"@id\":\"https:\/\/parroquiadealpedrete.archimadrid.es\/?p=4930#article\",\"isPartOf\":{\"@id\":\"https:\/\/parroquiadealpedrete.archimadrid.es\/?p=4930\"},\"author\":{\"name\":\"Equipo parroquia\",\"@id\":\"https:\/\/parroquiadealpedrete.archimadrid.es\/#\/schema\/person\/fd4e5d981b2ecfb19a251deedbdd55e4\"},\"headline\":\"Como se prepara Madrid para la visita del Papa\",\"datePublished\":\"2026-03-08T09:20:23+00:00\",\"mainEntityOfPage\":{\"@id\":\"https:\/\/parroquiadealpedrete.archimadrid.es\/?p=4930\"},\"wordCount\":395,\"publisher\":{\"@id\":\"https:\/\/parroquiadealpedrete.archimadrid.es\/#organization\"},\"image\":{\"@id\":\"https:\/\/parroquiadealpedrete.archimadrid.es\/?p=4930#primaryimage\"},\"thumbnailUrl\":\"https:\/\/parroquiadealpedrete.archimadrid.es\/wp-content\/uploads\/2026\/03\/Madrid-se-prepara-para-la-visita-Papal.jpeg\",\"articleSection\":[\"Noticias de la parroquia de Alpedrete\"],\"inLanguage\":\"es\"},{\"@type\":\"WebPage\",\"@id\":\"https:\/\/parroquiadealpedrete.archimadrid.es\/?p=4930\",\"url\":\"https:\/\/parroquiadealpedrete.archimadrid.es\/?p=4930\",\"name\":\"Como se prepara Madrid para la visita del Papa - ASUNCI\u00d3N DE NUESTRA SE\u00d1ORA ALPEDRETE\",\"isPartOf\":{\"@id\":\"https:\/\/parroquiadealpedrete.archimadrid.es\/#website\"},\"primaryImageOfPage\":{\"@id\":\"https:\/\/parroquiadealpedrete.archimadrid.es\/?p=4930#primaryimage\"},\"image\":{\"@id\":\"https:\/\/parroquiadealpedrete.archimadrid.es\/?p=4930#primaryimage\"},\"thumbnailUrl\":\"https:\/\/parroquiadealpedrete.archimadrid.es\/wp-content\/uploads\/2026\/03\/Madrid-se-prepara-para-la-visita-Papal.jpeg\",\"datePublished\":\"2026-03-08T09:20:23+00:00\",\"breadcrumb\":{\"@id\":\"https:\/\/parroquiadealpedrete.archimadrid.es\/?p=4930#breadcrumb\"},\"inLanguage\":\"es\",\"potentialAction\":[{\"@type\":\"ReadAction\",\"target\":[\"https:\/\/parroquiadealpedrete.archimadrid.es\/?p=4930\"]}]},{\"@type\":\"ImageObject\",\"inLanguage\":\"es\",\"@id\":\"https:\/\/parroquiadealpedrete.archimadrid.es\/?p=4930#primaryimage\",\"url\":\"https:\/\/parroquiadealpedrete.archimadrid.es\/wp-content\/uploads\/2026\/03\/Madrid-se-prepara-para-la-visita-Papal.jpeg\",\"contentUrl\":\"https:\/\/parroquiadealpedrete.archimadrid.es\/wp-content\/uploads\/2026\/03\/Madrid-se-prepara-para-la-visita-Papal.jpeg\",\"width\":1600,\"height\":1064},{\"@type\":\"BreadcrumbList\",\"@id\":\"https:\/\/parroquiadealpedrete.archimadrid.es\/?p=4930#breadcrumb\",\"itemListElement\":[{\"@type\":\"ListItem\",\"position\":1,\"name\":\"Portada\",\"item\":\"https:\/\/parroquiadealpedrete.archimadrid.es\/\"},{\"@type\":\"ListItem\",\"position\":2,\"name\":\"Como se prepara Madrid para la visita del Papa\"}]},{\"@type\":\"WebSite\",\"@id\":\"https:\/\/parroquiadealpedrete.archimadrid.es\/#website\",\"url\":\"https:\/\/parroquiadealpedrete.archimadrid.es\/\",\"name\":\"ASUNCI\u00d3N DE NUESTRA SE\u00d1ORA ALPEDRETE\",\"description\":\"Parroquia de Alpedrete\",\"publisher\":{\"@id\":\"https:\/\/parroquiadealpedrete.archimadrid.es\/#organization\"},\"potentialAction\":[{\"@type\":\"SearchAction\",\"target\":{\"@type\":\"EntryPoint\",\"urlTemplate\":\"https:\/\/parroquiadealpedrete.archimadrid.es\/?s={search_term_string}\"},\"query-input\":{\"@type\":\"PropertyValueSpecification\",\"valueRequired\":true,\"valueName\":\"search_term_string\"}}],\"inLanguage\":\"es\"},{\"@type\":\"Organization\",\"@id\":\"https:\/\/parroquiadealpedrete.archimadrid.es\/#organization\",\"name\":\"Asunci\u00f3n de nuestra Se\u00f1ora de Alpedrete\",\"url\":\"https:\/\/parroquiadealpedrete.archimadrid.es\/\",\"logo\":{\"@type\":\"ImageObject\",\"inLanguage\":\"es\",\"@id\":\"https:\/\/parroquiadealpedrete.archimadrid.es\/#\/schema\/logo\/image\/\",\"url\":\"https:\/\/parroquiadealpedrete.archimadrid.es\/wp-content\/uploads\/2022\/02\/Logo-con-fondo--scaled-e1645483003367.jpg\",\"contentUrl\":\"https:\/\/parroquiadealpedrete.archimadrid.es\/wp-content\/uploads\/2022\/02\/Logo-con-fondo--scaled-e1645483003367.jpg\",\"width\":1689,\"height\":1689,\"caption\":\"Asunci\u00f3n de nuestra Se\u00f1ora de Alpedrete\"},\"image\":{\"@id\":\"https:\/\/parroquiadealpedrete.archimadrid.es\/#\/schema\/logo\/image\/\"}},{\"@type\":\"Person\",\"@id\":\"https:\/\/parroquiadealpedrete.archimadrid.es\/#\/schema\/person\/fd4e5d981b2ecfb19a251deedbdd55e4\",\"name\":\"Equipo parroquia\",\"image\":{\"@type\":\"ImageObject\",\"inLanguage\":\"es\",\"@id\":\"https:\/\/parroquiadealpedrete.archimadrid.es\/#\/schema\/person\/image\/\",\"url\":\"https:\/\/secure.gravatar.com\/avatar\/547b82101f1d6a3e036e863509341706c147e8ff23732a02ded1a640cc5d8b04?s=96&d=mm&r=g\",\"contentUrl\":\"https:\/\/secure.gravatar.com\/avatar\/547b82101f1d6a3e036e863509341706c147e8ff23732a02ded1a640cc5d8b04?s=96&d=mm&r=g\",\"caption\":\"Equipo parroquia\"},\"url\":\"https:\/\/parroquiadealpedrete.archimadrid.es\/?author=1\"}]}<\/script>\n<!-- \/ Yoast SEO plugin. -->","yoast_head_json":{"title":"Como se prepara Madrid para la visita del Papa - ASUNCI\u00d3N DE NUESTRA SE\u00d1ORA ALPEDRETE","robots":{"index":"index","follow":"follow","max-snippet":"max-snippet:-1","max-image-preview":"max-image-preview:large","max-video-preview":"max-video-preview:-1"},"canonical":"https:\/\/parroquiadealpedrete.archimadrid.es\/?p=4930","og_locale":"es_ES","og_type":"article","og_title":"Como se prepara Madrid para la visita del Papa - ASUNCI\u00d3N DE NUESTRA SE\u00d1ORA ALPEDRETE","og_description":"\u00a0 \u00a0 \u00bfAlguna vez te has preguntado c\u00f3mo se prepara una ciudad para recibir la visita del Santo Padre?\u00a0 Madrid se prepara de nuevo para recibir al Papa, as\u00ed como lo hizo con la llegada de Benedicto XVI con motivo de la JMJ 2011, con la diferencia de que en esta ocasi\u00f3n la confirmaci\u00f3n del &hellip; Leer m\u00e1s \u00abComo se prepara Madrid para la visita del Papa\u00bb","og_url":"https:\/\/parroquiadealpedrete.archimadrid.es\/?p=4930","og_site_name":"ASUNCI\u00d3N DE NUESTRA SE\u00d1ORA ALPEDRETE","article_published_time":"2026-03-08T09:20:23+00:00","og_image":[{"width":400,"height":266,"url":"https:\/\/parroquiadealpedrete.archimadrid.es\/wp-content\/uploads\/2026\/03\/Madrid-se-prepara-para-la-visita-Papal-1-e1772961602515.jpeg","type":"image\/jpeg"}],"author":"Equipo parroquia","twitter_card":"summary_large_image","twitter_misc":{"Escrito por":"Equipo parroquia","Tiempo de lectura":"3 minutos"},"schema":{"@context":"https:\/\/schema.org","@graph":[{"@type":"Article","@id":"https:\/\/parroquiadealpedrete.archimadrid.es\/?p=4930#article","isPartOf":{"@id":"https:\/\/parroquiadealpedrete.archimadrid.es\/?p=4930"},"author":{"name":"Equipo parroquia","@id":"https:\/\/parroquiadealpedrete.archimadrid.es\/#\/schema\/person\/fd4e5d981b2ecfb19a251deedbdd55e4"},"headline":"Como se prepara Madrid para la visita del Papa","datePublished":"2026-03-08T09:20:23+00:00","mainEntityOfPage":{"@id":"https:\/\/parroquiadealpedrete.archimadrid.es\/?p=4930"},"wordCount":395,"publisher":{"@id":"https:\/\/parroquiadealpedrete.archimadrid.es\/#organization"},"image":{"@id":"https:\/\/parroquiadealpedrete.archimadrid.es\/?p=4930#primaryimage"},"thumbnailUrl":"https:\/\/parroquiadealpedrete.archimadrid.es\/wp-content\/uploads\/2026\/03\/Madrid-se-prepara-para-la-visita-Papal.jpeg","articleSection":["Noticias de la parroquia de Alpedrete"],"inLanguage":"es"},{"@type":"WebPage","@id":"https:\/\/parroquiadealpedrete.archimadrid.es\/?p=4930","url":"https:\/\/parroquiadealpedrete.archimadrid.es\/?p=4930","name":"Como se prepara Madrid para la visita del Papa - ASUNCI\u00d3N DE NUESTRA SE\u00d1ORA ALPEDRETE","isPartOf":{"@id":"https:\/\/parroquiadealpedrete.archimadrid.es\/#website"},"primaryImageOfPage":{"@id":"https:\/\/parroquiadealpedrete.archimadrid.es\/?p=4930#primaryimage"},"image":{"@id":"https:\/\/parroquiadealpedrete.archimadrid.es\/?p=4930#primaryimage"},"thumbnailUrl":"https:\/\/parroquiadealpedrete.archimadrid.es\/wp-content\/uploads\/2026\/03\/Madrid-se-prepara-para-la-visita-Papal.jpeg","datePublished":"2026-03-08T09:20:23+00:00","breadcrumb":{"@id":"https:\/\/parroquiadealpedrete.archimadrid.es\/?p=4930#breadcrumb"},"inLanguage":"es","potentialAction":[{"@type":"ReadAction","target":["https:\/\/parroquiadealpedrete.archimadrid.es\/?p=4930"]}]},{"@type":"ImageObject","inLanguage":"es","@id":"https:\/\/parroquiadealpedrete.archimadrid.es\/?p=4930#primaryimage","url":"https:\/\/parroquiadealpedrete.archimadrid.es\/wp-content\/uploads\/2026\/03\/Madrid-se-prepara-para-la-visita-Papal.jpeg","contentUrl":"https:\/\/parroquiadealpedrete.archimadrid.es\/wp-content\/uploads\/2026\/03\/Madrid-se-prepara-para-la-visita-Papal.jpeg","width":1600,"height":1064},{"@type":"BreadcrumbList","@id":"https:\/\/parroquiadealpedrete.archimadrid.es\/?p=4930#breadcrumb","itemListElement":[{"@type":"ListItem","position":1,"name":"Portada","item":"https:\/\/parroquiadealpedrete.archimadrid.es\/"},{"@type":"ListItem","position":2,"name":"Como se prepara Madrid para la visita del Papa"}]},{"@type":"WebSite","@id":"https:\/\/parroquiadealpedrete.archimadrid.es\/#website","url":"https:\/\/parroquiadealpedrete.archimadrid.es\/","name":"ASUNCI\u00d3N DE NUESTRA SE\u00d1ORA ALPEDRETE","description":"Parroquia de Alpedrete","publisher":{"@id":"https:\/\/parroquiadealpedrete.archimadrid.es\/#organization"},"potentialAction":[{"@type":"SearchAction","target":{"@type":"EntryPoint","urlTemplate":"https:\/\/parroquiadealpedrete.archimadrid.es\/?s={search_term_string}"},"query-input":{"@type":"PropertyValueSpecification","valueRequired":true,"valueName":"search_term_string"}}],"inLanguage":"es"},{"@type":"Organization","@id":"https:\/\/parroquiadealpedrete.archimadrid.es\/#organization","name":"Asunci\u00f3n de nuestra Se\u00f1ora de Alpedrete","url":"https:\/\/parroquiadealpedrete.archimadrid.es\/","logo":{"@type":"ImageObject","inLanguage":"es","@id":"https:\/\/parroquiadealpedrete.archimadrid.es\/#\/schema\/logo\/image\/","url":"https:\/\/parroquiadealpedrete.archimadrid.es\/wp-content\/uploads\/2022\/02\/Logo-con-fondo--scaled-e1645483003367.jpg","contentUrl":"https:\/\/parroquiadealpedrete.archimadrid.es\/wp-content\/uploads\/2022\/02\/Logo-con-fondo--scaled-e1645483003367.jpg","width":1689,"height":1689,"caption":"Asunci\u00f3n de nuestra Se\u00f1ora de Alpedrete"},"image":{"@id":"https:\/\/parroquiadealpedrete.archimadrid.es\/#\/schema\/logo\/image\/"}},{"@type":"Person","@id":"https:\/\/parroquiadealpedrete.archimadrid.es\/#\/schema\/person\/fd4e5d981b2ecfb19a251deedbdd55e4","name":"Equipo parroquia","image":{"@type":"ImageObject","inLanguage":"es","@id":"https:\/\/parroquiadealpedrete.archimadrid.es\/#\/schema\/person\/image\/","url":"https:\/\/secure.gravatar.com\/avatar\/547b82101f1d6a3e036e863509341706c147e8ff23732a02ded1a640cc5d8b04?s=96&d=mm&r=g","contentUrl":"https:\/\/secure.gravatar.com\/avatar\/547b82101f1d6a3e036e863509341706c147e8ff23732a02ded1a640cc5d8b04?s=96&d=mm&r=g","caption":"Equipo parroquia"},"url":"https:\/\/parroquiadealpedrete.archimadrid.es\/?author=1"}]}},"jetpack_featured_media_url":"https:\/\/parroquiadealpedrete.archimadrid.es\/wp-content\/uploads\/2026\/03\/Madrid-se-prepara-para-la-visita-Papal.jpeg","_links":{"self":[{"href":"https:\/\/parroquiadealpedrete.archimadrid.es\/index.php?rest_route=\/wp\/v2\/posts\/4930","targetHints":{"allow":["GET"]}}],"collection":[{"href":"https:\/\/parroquiadealpedrete.archimadrid.es\/index.php?rest_route=\/wp\/v2\/posts"}],"about":[{"href":"https:\/\/parroquiadealpedrete.archimadrid.es\/index.php?rest_route=\/wp\/v2\/types\/post"}],"author":[{"embeddable":true,"href":"https:\/\/parroquiadealpedrete.archimadrid.es\/index.php?rest_route=\/wp\/v2\/users\/1"}],"replies":[{"embeddable":true,"href":"https:\/\/parroquiadealpedrete.archimadrid.es\/index.php?rest_route=%2Fwp%2Fv2%2Fcomments&post=4930"}],"version-history":[{"count":1,"href":"https:\/\/parroquiadealpedrete.archimadrid.es\/index.php?rest_route=\/wp\/v2\/posts\/4930\/revisions"}],"predecessor-version":[{"id":4933,"href":"https:\/\/parroquiadealpedrete.archimadrid.es\/index.php?rest_route=\/wp\/v2\/posts\/4930\/revisions\/4933"}],"wp:featuredmedia":[{"embeddable":true,"href":"https:\/\/parroquiadealpedrete.archimadrid.es\/index.php?rest_route=\/wp\/v2\/media\/4931"}],"wp:attachment":[{"href":"https:\/\/parroquiadealpedrete.archimadrid.es\/index.php?rest_route=%2Fwp%2Fv2%2Fmedia&parent=4930"}],"wp:term":[{"taxonomy":"category","embeddable":true,"href":"https:\/\/parroquiadealpedrete.archimadrid.es\/index.php?rest_route=%2Fwp%2Fv2%2Fcategories&post=4930"},{"taxonomy":"post_tag","embeddable":true,"href":"https:\/\/parroquiadealpedrete.archimadrid.es\/index.php?rest_route=%2Fwp%2Fv2%2Ftags&post=4930"}],"curies":[{"name":"wp","href":"https:\/\/api.w.org\/{rel}","templated":true}]}}